{"id":11439,"date":"2015-03-04T18:13:22","date_gmt":"2015-03-04T18:13:22","guid":{"rendered":"https:\/\/cnpem.staging.wpengine.com\/?p=11439"},"modified":"2022-01-21T16:59:51","modified_gmt":"2022-01-21T19:59:51","slug":"racional-inicia-obra-de-r-13-bi-em-campinas","status":"publish","type":"post","link":"https:\/\/cnpem.br\/en\/racional-inicia-obra-de-r-13-bi-em-campinas\/","title":{"rendered":"Racional inicia obra de R$ 1,3 bi em Campinas"},"content":{"rendered":"<p><a href=\"https:\/\/noticiascnc.com.br\/2015\/02\/05\/racional-inicia-obra-de-r-13-bi-em-campinas\/\" target=\"_blank\" rel=\"noopener\">Central de Not\u00edcias da Constru\u00e7\u00e3o<\/a>, em fevereiro de 2015<\/p>\n<p>&nbsp;<\/p>\n<h5><strong>OBRAS \u2013 FASE INICIAL<\/strong><\/h5>\n<p>A Racional Engenharia prossegue com as obras do Laborat\u00f3rio de Luz S\u00edncrotron \u2013 Projeto Sirius em Campinas \u2013 SP. Conforme averiguado pela equipe da ConVis\u00e3o as obras encontram-se na fase inicial e o cronograma prev\u00ea conclus\u00e3o at\u00e9 maio de 2018. O empreendimento da LNLS contar\u00e1 com 68 mil m\u00b2 em um terreno de 150 mil m\u00b2 (Cobertura C\u00f4nica Calandrada: 42.000 m\u00b2) e dever\u00e1 receber investimentos da ordem de R$ 1,3 bilh\u00e3o.<\/p>\n<p><a href=\"https:\/\/noticiascnc.files.wordpress.com\/2015\/02\/cnc_575062_152090.jpg\"><img data-recalc-dims=\"1\" decoding=\"async\" class=\"alignnone size-full wp-image-3342\" src=\"https:\/\/noticiascnc.files.wordpress.com\/2015\/02\/cnc_575062_152090.jpg?w=1200\" alt=\"\" \/><\/a><\/p>\n","protected":false},"excerpt":{"rendered":"<p>Central de Not\u00edcias da Constru\u00e7\u00e3o, em fevereiro de 2015 &nbsp; OBRAS \u2013 FASE INICIAL A Racional Engenharia prossegue com as obras do Laborat\u00f3rio de Luz S\u00edncrotron \u2013 Projeto Sirius em&hellip;<\/p>\n","protected":false},"author":7,"featured_media":0,"comment_status":"closed","ping_status":"open","sticky":false,"template":"","format":"standard","meta":{"_acf_changed":false,"_jetpack_newsletter_access":"","_jetpack_dont_email_post_to_subs":false,"_jetpack_newsletter_tier_id":0,"_jetpack_memberships_contains_paywalled_content":false,"_jetpack_memberships_contains_paid_content":false,"footnotes":"","_links_to":"","_links_to_target":""},"categories":[1163,12],"tags":[],"class_list":["post-11439","post","type-post","status-publish","format-standard","hentry","category-clipping-cnpem","category-clipping-lnls","category-1163","category-12","description-off"],"acf":[],"yoast_head":"<!-- This site is optimized with the Yoast SEO plugin v27.5 - https:\/\/yoast.com\/product\/yoast-seo-wordpress\/ -->\n<title>Racional inicia obra de R$ 1,3 bi em Campinas - CNPEM<\/title>\n<meta name=\"robots\" content=\"index, follow, max-snippet:-1, max-image-preview:large, max-video-preview:-1\" \/>\n<link rel=\"canonical\" href=\"https:\/\/cnpem.br\/racional-inicia-obra-de-r-13-bi-em-campinas\/\" \/>\n<meta property=\"og:locale\" content=\"en_US\" \/>\n<meta property=\"og:type\" content=\"article\" \/>\n<meta property=\"og:title\" content=\"Racional inicia obra de R$ 1,3 bi em Campinas - CNPEM\" \/>\n<meta property=\"og:description\" content=\"Central de Not\u00edcias da Constru\u00e7\u00e3o, em fevereiro de 2015 &nbsp; OBRAS \u2013 FASE INICIAL A Racional Engenharia prossegue com as obras do Laborat\u00f3rio de Luz S\u00edncrotron \u2013 Projeto Sirius em&hellip;\" \/>\n<meta property=\"og:url\" content=\"https:\/\/cnpem.br\/racional-inicia-obra-de-r-13-bi-em-campinas\/\" \/>\n<meta property=\"og:site_name\" content=\"CNPEM\" \/>\n<meta property=\"article:published_time\" content=\"2015-03-04T18:13:22+00:00\" \/>\n<meta property=\"article:modified_time\" content=\"2022-01-21T19:59:51+00:00\" \/>\n<meta property=\"og:image\" content=\"https:\/\/noticiascnc.files.wordpress.com\/2015\/02\/cnc_575062_152090.jpg?w=500\" \/>\n<meta name=\"author\" content=\"Luciana Noronha\" \/>\n<meta name=\"twitter:card\" content=\"summary_large_image\" \/>\n<meta name=\"twitter:label1\" content=\"Written by\" \/>\n\t<meta name=\"twitter:data1\" content=\"Luciana Noronha\" \/>\n<script type=\"application\/ld+json\" class=\"yoast-schema-graph\">{\"@context\":\"https:\\\/\\\/schema.org\",\"@graph\":[{\"@type\":\"Article\",\"@id\":\"https:\\\/\\\/cnpem.br\\\/racional-inicia-obra-de-r-13-bi-em-campinas\\\/#article\",\"isPartOf\":{\"@id\":\"https:\\\/\\\/cnpem.br\\\/racional-inicia-obra-de-r-13-bi-em-campinas\\\/\"},\"author\":{\"name\":\"Luciana Noronha\",\"@id\":\"https:\\\/\\\/cnpem.br\\\/#\\\/schema\\\/person\\\/da551aa39e5c2a2730be15ec32e96c5a\"},\"headline\":\"Racional inicia obra de R$ 1,3 bi em Campinas\",\"datePublished\":\"2015-03-04T18:13:22+00:00\",\"dateModified\":\"2022-01-21T19:59:51+00:00\",\"mainEntityOfPage\":{\"@id\":\"https:\\\/\\\/cnpem.br\\\/racional-inicia-obra-de-r-13-bi-em-campinas\\\/\"},\"wordCount\":92,\"image\":{\"@id\":\"https:\\\/\\\/cnpem.br\\\/racional-inicia-obra-de-r-13-bi-em-campinas\\\/#primaryimage\"},\"thumbnailUrl\":\"https:\\\/\\\/noticiascnc.files.wordpress.com\\\/2015\\\/02\\\/cnc_575062_152090.jpg?w=500\",\"articleSection\":[\"CNPEM na M\u00eddia\",\"LNLS na M\u00eddia\"],\"inLanguage\":\"en-US\"},{\"@type\":\"WebPage\",\"@id\":\"https:\\\/\\\/cnpem.br\\\/racional-inicia-obra-de-r-13-bi-em-campinas\\\/\",\"url\":\"https:\\\/\\\/cnpem.br\\\/racional-inicia-obra-de-r-13-bi-em-campinas\\\/\",\"name\":\"Racional inicia obra de R$ 1,3 bi em Campinas - CNPEM\",\"isPartOf\":{\"@id\":\"https:\\\/\\\/cnpem.br\\\/#website\"},\"primaryImageOfPage\":{\"@id\":\"https:\\\/\\\/cnpem.br\\\/racional-inicia-obra-de-r-13-bi-em-campinas\\\/#primaryimage\"},\"image\":{\"@id\":\"https:\\\/\\\/cnpem.br\\\/racional-inicia-obra-de-r-13-bi-em-campinas\\\/#primaryimage\"},\"thumbnailUrl\":\"https:\\\/\\\/noticiascnc.files.wordpress.com\\\/2015\\\/02\\\/cnc_575062_152090.jpg?w=500\",\"datePublished\":\"2015-03-04T18:13:22+00:00\",\"dateModified\":\"2022-01-21T19:59:51+00:00\",\"author\":{\"@id\":\"https:\\\/\\\/cnpem.br\\\/#\\\/schema\\\/person\\\/da551aa39e5c2a2730be15ec32e96c5a\"},\"breadcrumb\":{\"@id\":\"https:\\\/\\\/cnpem.br\\\/racional-inicia-obra-de-r-13-bi-em-campinas\\\/#breadcrumb\"},\"inLanguage\":\"en-US\",\"potentialAction\":[{\"@type\":\"ReadAction\",\"target\":[\"https:\\\/\\\/cnpem.br\\\/racional-inicia-obra-de-r-13-bi-em-campinas\\\/\"]}]},{\"@type\":\"ImageObject\",\"inLanguage\":\"en-US\",\"@id\":\"https:\\\/\\\/cnpem.br\\\/racional-inicia-obra-de-r-13-bi-em-campinas\\\/#primaryimage\",\"url\":\"https:\\\/\\\/noticiascnc.files.wordpress.com\\\/2015\\\/02\\\/cnc_575062_152090.jpg?w=500\",\"contentUrl\":\"https:\\\/\\\/noticiascnc.files.wordpress.com\\\/2015\\\/02\\\/cnc_575062_152090.jpg?w=500\"},{\"@type\":\"BreadcrumbList\",\"@id\":\"https:\\\/\\\/cnpem.br\\\/racional-inicia-obra-de-r-13-bi-em-campinas\\\/#breadcrumb\",\"itemListElement\":[{\"@type\":\"ListItem\",\"position\":1,\"name\":\"In\u00edcio\",\"item\":\"https:\\\/\\\/cnpem.br\\\/en\\\/\"},{\"@type\":\"ListItem\",\"position\":2,\"name\":\"Racional inicia obra de R$ 1,3 bi em Campinas\"}]},{\"@type\":\"WebSite\",\"@id\":\"https:\\\/\\\/cnpem.br\\\/#website\",\"url\":\"https:\\\/\\\/cnpem.br\\\/\",\"name\":\"Centro Nacional de Pesquisa em Energia e Materiais\",\"description\":\"Centro Nacional de Pesquisa em Energia e Materiais\",\"alternateName\":\"CNPEM\",\"potentialAction\":[{\"@type\":\"SearchAction\",\"target\":{\"@type\":\"EntryPoint\",\"urlTemplate\":\"https:\\\/\\\/cnpem.br\\\/?s={search_term_string}\"},\"query-input\":{\"@type\":\"PropertyValueSpecification\",\"valueRequired\":true,\"valueName\":\"search_term_string\"}}],\"inLanguage\":\"en-US\"},{\"@type\":\"Person\",\"@id\":\"https:\\\/\\\/cnpem.br\\\/#\\\/schema\\\/person\\\/da551aa39e5c2a2730be15ec32e96c5a\",\"name\":\"Luciana Noronha\",\"url\":\"\"}]}<\/script>\n<!-- \/ Yoast SEO plugin. -->","yoast_head_json":{"title":"Racional inicia obra de R$ 1,3 bi em Campinas - CNPEM","robots":{"index":"index","follow":"follow","max-snippet":"max-snippet:-1","max-image-preview":"max-image-preview:large","max-video-preview":"max-video-preview:-1"},"canonical":"https:\/\/cnpem.br\/racional-inicia-obra-de-r-13-bi-em-campinas\/","og_locale":"en_US","og_type":"article","og_title":"Racional inicia obra de R$ 1,3 bi em Campinas - CNPEM","og_description":"Central de Not\u00edcias da Constru\u00e7\u00e3o, em fevereiro de 2015 &nbsp; OBRAS \u2013 FASE INICIAL A Racional Engenharia prossegue com as obras do Laborat\u00f3rio de Luz S\u00edncrotron \u2013 Projeto Sirius em&hellip;","og_url":"https:\/\/cnpem.br\/racional-inicia-obra-de-r-13-bi-em-campinas\/","og_site_name":"CNPEM","article_published_time":"2015-03-04T18:13:22+00:00","article_modified_time":"2022-01-21T19:59:51+00:00","og_image":[{"url":"https:\/\/noticiascnc.files.wordpress.com\/2015\/02\/cnc_575062_152090.jpg?w=500","type":"","width":"","height":""}],"author":"Luciana Noronha","twitter_card":"summary_large_image","twitter_misc":{"Written by":"Luciana Noronha"},"schema":{"@context":"https:\/\/schema.org","@graph":[{"@type":"Article","@id":"https:\/\/cnpem.br\/racional-inicia-obra-de-r-13-bi-em-campinas\/#article","isPartOf":{"@id":"https:\/\/cnpem.br\/racional-inicia-obra-de-r-13-bi-em-campinas\/"},"author":{"name":"Luciana Noronha","@id":"https:\/\/cnpem.br\/#\/schema\/person\/da551aa39e5c2a2730be15ec32e96c5a"},"headline":"Racional inicia obra de R$ 1,3 bi em Campinas","datePublished":"2015-03-04T18:13:22+00:00","dateModified":"2022-01-21T19:59:51+00:00","mainEntityOfPage":{"@id":"https:\/\/cnpem.br\/racional-inicia-obra-de-r-13-bi-em-campinas\/"},"wordCount":92,"image":{"@id":"https:\/\/cnpem.br\/racional-inicia-obra-de-r-13-bi-em-campinas\/#primaryimage"},"thumbnailUrl":"https:\/\/noticiascnc.files.wordpress.com\/2015\/02\/cnc_575062_152090.jpg?w=500","articleSection":["CNPEM na M\u00eddia","LNLS na M\u00eddia"],"inLanguage":"en-US"},{"@type":"WebPage","@id":"https:\/\/cnpem.br\/racional-inicia-obra-de-r-13-bi-em-campinas\/","url":"https:\/\/cnpem.br\/racional-inicia-obra-de-r-13-bi-em-campinas\/","name":"Racional inicia obra de R$ 1,3 bi em Campinas - CNPEM","isPartOf":{"@id":"https:\/\/cnpem.br\/#website"},"primaryImageOfPage":{"@id":"https:\/\/cnpem.br\/racional-inicia-obra-de-r-13-bi-em-campinas\/#primaryimage"},"image":{"@id":"https:\/\/cnpem.br\/racional-inicia-obra-de-r-13-bi-em-campinas\/#primaryimage"},"thumbnailUrl":"https:\/\/noticiascnc.files.wordpress.com\/2015\/02\/cnc_575062_152090.jpg?w=500","datePublished":"2015-03-04T18:13:22+00:00","dateModified":"2022-01-21T19:59:51+00:00","author":{"@id":"https:\/\/cnpem.br\/#\/schema\/person\/da551aa39e5c2a2730be15ec32e96c5a"},"breadcrumb":{"@id":"https:\/\/cnpem.br\/racional-inicia-obra-de-r-13-bi-em-campinas\/#breadcrumb"},"inLanguage":"en-US","potentialAction":[{"@type":"ReadAction","target":["https:\/\/cnpem.br\/racional-inicia-obra-de-r-13-bi-em-campinas\/"]}]},{"@type":"ImageObject","inLanguage":"en-US","@id":"https:\/\/cnpem.br\/racional-inicia-obra-de-r-13-bi-em-campinas\/#primaryimage","url":"https:\/\/noticiascnc.files.wordpress.com\/2015\/02\/cnc_575062_152090.jpg?w=500","contentUrl":"https:\/\/noticiascnc.files.wordpress.com\/2015\/02\/cnc_575062_152090.jpg?w=500"},{"@type":"BreadcrumbList","@id":"https:\/\/cnpem.br\/racional-inicia-obra-de-r-13-bi-em-campinas\/#breadcrumb","itemListElement":[{"@type":"ListItem","position":1,"name":"In\u00edcio","item":"https:\/\/cnpem.br\/en\/"},{"@type":"ListItem","position":2,"name":"Racional inicia obra de R$ 1,3 bi em Campinas"}]},{"@type":"WebSite","@id":"https:\/\/cnpem.br\/#website","url":"https:\/\/cnpem.br\/","name":"Centro Nacional de Pesquisa em Energia e Materiais","description":"Centro Nacional de Pesquisa em Energia e Materiais","alternateName":"CNPEM","potentialAction":[{"@type":"SearchAction","target":{"@type":"EntryPoint","urlTemplate":"https:\/\/cnpem.br\/?s={search_term_string}"},"query-input":{"@type":"PropertyValueSpecification","valueRequired":true,"valueName":"search_term_string"}}],"inLanguage":"en-US"},{"@type":"Person","@id":"https:\/\/cnpem.br\/#\/schema\/person\/da551aa39e5c2a2730be15ec32e96c5a","name":"Luciana Noronha","url":""}]}},"jetpack_featured_media_url":"","jetpack_sharing_enabled":true,"jetpack_shortlink":"https:\/\/wp.me\/per0Mi-2Yv","_links":{"self":[{"href":"https:\/\/cnpem.br\/en\/wp-json\/wp\/v2\/posts\/11439","targetHints":{"allow":["GET"]}}],"collection":[{"href":"https:\/\/cnpem.br\/en\/wp-json\/wp\/v2\/posts"}],"about":[{"href":"https:\/\/cnpem.br\/en\/wp-json\/wp\/v2\/types\/post"}],"author":[{"embeddable":true,"href":"https:\/\/cnpem.br\/en\/wp-json\/wp\/v2\/users\/7"}],"replies":[{"embeddable":true,"href":"https:\/\/cnpem.br\/en\/wp-json\/wp\/v2\/comments?post=11439"}],"version-history":[{"count":0,"href":"https:\/\/cnpem.br\/en\/wp-json\/wp\/v2\/posts\/11439\/revisions"}],"wp:attachment":[{"href":"https:\/\/cnpem.br\/en\/wp-json\/wp\/v2\/media?parent=11439"}],"wp:term":[{"taxonomy":"category","embeddable":true,"href":"https:\/\/cnpem.br\/en\/wp-json\/wp\/v2\/categories?post=11439"},{"taxonomy":"post_tag","embeddable":true,"href":"https:\/\/cnpem.br\/en\/wp-json\/wp\/v2\/tags?post=11439"}],"curies":[{"name":"wp","href":"https:\/\/api.w.org\/{rel}","templated":true}]}}