{"id":11190,"date":"2015-01-19T09:35:56","date_gmt":"2015-01-19T11:35:56","guid":{"rendered":"https:\/\/www.cnpem.staging.wpengine.com\/?p=9593"},"modified":"2022-01-21T16:59:58","modified_gmt":"2022-01-21T19:59:58","slug":"novo-acelerador-de-particulas-sera-inaugurado-em-2018-em-campinas","status":"publish","type":"post","link":"https:\/\/cnpem.br\/en\/novo-acelerador-de-particulas-sera-inaugurado-em-2018-em-campinas\/","title":{"rendered":"Novo acelerador de part\u00edculas ser\u00e1 inaugurado em 2018, em Campinas"},"content":{"rendered":"<p>&nbsp;<\/p>\n<header>\n<div>\n<p style=\"text-align: justify;\"><strong><a href=\"https:\/\/www1.folha.uol.com.br\/ciencia\/2015\/01\/1577001-novo-acelerador-de-particulas-sera-inaugurado-em-2018-em-campinas.shtml\" target=\"_blank\" rel=\"noopener\">Folha de S.Paulo<\/a>, 19\/01\/2015<br \/>\n<\/strong>RAFAEL GARCIA, enviado especial a Campinas<\/p>\n<\/div>\n<\/header>\n<p style=\"text-align: justify;\">\n<div>\n<p style=\"text-align: justify;\">Quem visita o campus do CNPEM (Centro Nacional de Pesquisa em Energia e Materiais), em Campinas, j\u00e1 pode ver no solo o tra\u00e7ado de uma circunfer\u00eancia de 235 metros de di\u00e2metro. N\u00e3o \u00e9 um aeroporto para discos voadores. Nesse c\u00edrculo ficar\u00e1 o Sirius, o novo acelerador de part\u00edculas da institui\u00e7\u00e3o, uma m\u00e1quina de R$ 1,3 bilh\u00e3o.<\/p>\n<p style=\"text-align: justify;\">A maior parte ser\u00e1 financiada pelo Minist\u00e9rio da Ci\u00eancia, Tecnologia e Inova\u00e7\u00e3o. A Fapesp (Funda\u00e7\u00e3o de Amparo \u00e0 Pesquisa do Estado de S\u00e3o Paulo) tamb\u00e9m contribui para o projeto.<\/p>\n<p style=\"text-align: justify;\">O tamanho do projeto pode n\u00e3o ser muito impressionante comparado aos maiores aceleradores de part\u00edculas do mundo \u2013o LHC, na Su\u00ed\u00e7a, tem 8,6 km de di\u00e2metro\u2013 mas a m\u00e1quina brasileira tem a chance de ser a melhor de sua categoria quando for inaugurada, em 2018.<\/p>\n<p style=\"text-align: justify;\">Diferentemente dos aceleradores que produzem colis\u00f5es entre part\u00edculas, o Sirius vai gerar raios de luz s\u00edncrotron, tipo especial de radia\u00e7\u00e3o. Ela \u00e9 usada para obter imagens de alta defini\u00e7\u00e3o em t\u00e9cnicas de an\u00e1lise estrutural de materiais e mol\u00e9culas.<\/p>\n<p style=\"text-align: justify;\">Dentro do acelerador circulam el\u00e9trons que, ao serem desviados por \u00edm\u00e3s para seguirem a trajet\u00f3ria do anel, emitem radia\u00e7\u00e3o s\u00edncrotron pela tangente (veja abaixo).<\/p>\n<div id=\"attachment_9594\" style=\"width: 920px\" class=\"wp-caption aligncenter\"><a href=\"https:\/\/i0.wp.com\/www.cnpem.staging.wpengine.com\/wp-content\/uploads\/2015\/01\/LNLS_FOLHA.png?ssl=1\"><img data-recalc-dims=\"1\" loading=\"lazy\" decoding=\"async\" aria-describedby=\"caption-attachment-9594\" class=\"size-full wp-image-9594\" title=\"Acelera\u00e7\u00e3o Luminosa\" src=\"https:\/\/i0.wp.com\/www.cnpem.staging.wpengine.com\/wp-content\/uploads\/2015\/01\/LNLS_FOLHA.png?resize=910%2C1481&#038;ssl=1\" alt=\"\" width=\"910\" height=\"1481\" \/><\/a><p id=\"caption-attachment-9594\" class=\"wp-caption-text\">Editorial de Arte\/Folhapress<\/p><\/div>\n<p style=\"text-align: justify;\">\n<p style=\"text-align: justify;\"><strong>AMPLO ESPECTRO<\/strong><\/p>\n<p style=\"text-align: justify;\">A radia\u00e7\u00e3o gerada pelo Sirius ter\u00e1 muitas caracter\u00edsticas especiais se comparada a uma fonte de luz comum. Seu espectro ser\u00e1 muito amplo, indo desde a luz infravermelha (de frequ\u00eancia baixa) at\u00e9 o raio X (de frequ\u00eancia alta), passando pelas sete cores da luz vis\u00edvel e pelo ultravioleta.<\/p>\n<p style=\"text-align: justify;\">Outra coisa que torna especial a luz gerada pelo Sirius \u00e9 sua &#8220;baixa emit\u00e2ncia&#8221;. Isso significa que sua radia\u00e7\u00e3o ser\u00e1 separada em raios distintos e estreitos, com apenas 0,5 micr\u00f4metro de largura (0,5% de um fio de cabelo). Focalizados, eles s\u00e3o capazes de seguir longos percursos sem se dispersar, como o laser.<\/p>\n<p style=\"text-align: justify;\">&#8220;A emit\u00e2ncia, que \u00e9 medida em uma unidade chamada nan\u00f4metros-radianos [nm.rad], \u00e9 o par\u00e2metro que caracteriza a qualidade da m\u00e1quina&#8221;, explica Liu Lin, uma das cientistas respons\u00e1veis pelo projeto do Sirius.<\/p>\n<p style=\"text-align: justify;\">O LNLS (Laborat\u00f3rio Nacional de Luz S\u00edncrotron), divis\u00e3o do CNPEM encarregada do Sirius, opera desde 1997 outro acelerador, o UVX, que gera raios com emit\u00e2ncia de 100 nm.rad em seu anel de 30 m de di\u00e2metro. A do Sirius ser\u00e1 de apenas 0,27 nm.rad.<\/p>\n<p style=\"text-align: justify;\">&#8220;Ser\u00e1 poss\u00edvel sondar objetos menores, com cada vez mais resolu\u00e7\u00e3o&#8221;, explica H\u00e9lio Tolentino, pesquisador do LNLS. &#8220;Al\u00e9m disso, o Sirius vai produzir mais f\u00f3tons [part\u00edculas de luz], o que permitir\u00e1 observar materiais com muito mais detalhe.&#8221;<\/p>\n<p style=\"text-align: justify;\">Dessa forma, linhas de luz do Sirius ser\u00e3o capazes de analisar amostras de metal e rocha que s\u00e3o opacas diante da capacidade do UVX<\/p>\n<p style=\"text-align: justify;\">A demanda por uma tecnologia melhor j\u00e1 existe no setor de pesquisas de empresas como a Petrobras, que lida com equipamentos de explora\u00e7\u00e3o e an\u00e1lise de rochas a serem perfuradas.<\/p>\n<p style=\"text-align: justify;\">O laborat\u00f3rio colocar\u00e1 as linhas de luz \u00e0 disposi\u00e7\u00e3o de cientistas que estudam desde prote\u00ednas e f\u00e1rmacos at\u00e9 ligas met\u00e1licas, passando por an\u00e1lise de solo e produtos da agroind\u00fastria. Empresas privadas tamb\u00e9m podem solicitar espa\u00e7o nos laborat\u00f3rios, desde que paguem pelo custo do servi\u00e7o.<\/p>\n<p style=\"text-align: justify;\">\n<p style=\"text-align: justify;\"><strong>CONCORR\u00caNCIA<\/strong><\/p>\n<p style=\"text-align: justify;\">Diferentemente do UVX, que j\u00e1 era uma fonte s\u00edncrotron de segunda categoria quando ficou pronta, a nova m\u00e1quina pretende ser mais competitiva, com potencial real de atrair colabora\u00e7\u00f5es com outros pa\u00edses.<\/p>\n<p style=\"text-align: justify;\">&#8220;O Sirius vai nascer na lideran\u00e7a&#8221;, diz Jos\u00e9 Roque da Silva, diretor do LNLS, que compara o projeto ao MAX IV, na Su\u00e9cia, \u00fanico acelerador em constru\u00e7\u00e3o no mundo com emit\u00e2ncia compar\u00e1vel \u00e0 do Sirius. Ambos ter\u00e3o el\u00e9trons circulando com a mesma energia em seus an\u00e9is.<\/p>\n<p style=\"text-align: justify;\">Segundo o cientista, foi a expertise adquirida na constru\u00e7\u00e3o do UVX, que come\u00e7ou em 1987 e durou dez anos, que permitiu o projeto mais ousado agora.<\/p>\n<p style=\"text-align: justify;\">&#8220;Se voc\u00ea quer aprender a fabricar carro, \u00e9 dif\u00edcil fazer uma Ferrari logo de cara. Primeiro voc\u00ea tem que fazer um carro mais normal&#8221;, compara Roque. &#8220;Mas podemos dizer que agora o Brasil est\u00e1 fazendo uma Ferrari.&#8221;<\/p>\n<p style=\"text-align: justify;\">Cerca de metade do custo bilion\u00e1rio do acelerador \u00e9 o pr\u00e9dio que vai abrig\u00e1-lo, que requer condi\u00e7\u00f5es muito espec\u00edficas. O piso onde o anel acelerador ser\u00e1 assentado, por exemplo, ter\u00e1 mais de 500 metros de circunfer\u00eancia, e n\u00e3o pode contrair imperfei\u00e7\u00f5es maiores do que 0,25 mm por ano, do contr\u00e1rio vai atrapalhar o funcionamento da m\u00e1quina.<\/p>\n<p style=\"text-align: justify;\">&#8220;Quando voc\u00ea fala isso para um engenheiro, ele cai de costas&#8221;, diz Oscar Vigna, respons\u00e1vel por coordenar as obras, iniciadas oficialmente h\u00e1 tr\u00eas semanas. Segundo Roque, o LNLS fez um esfor\u00e7o de articula\u00e7\u00e3o com empresas brasileiras para conseguir desenvolver e produzir dentro do pa\u00eds a tecnologia necess\u00e1ria para colocar o Sirius de p\u00e9.<\/p>\n<p style=\"text-align: justify;\">Nos pr\u00f3ximos dois anos, por\u00e9m, para que o projeto n\u00e3o atrase o cronograma -algo que em geral implica tamb\u00e9m um aumento de custo\u2013 ser\u00e1 preciso obter um fluxo de verbas de R$ 300 milh\u00f5es anuais. O Minist\u00e9rio da Ci\u00eancia, Tecnologia e Inova\u00e7\u00e3o, que abarca o LNLS, havia prometido honrar o compromisso, por considerar o Sirius de import\u00e2ncia estrat\u00e9gica para a pesquisa nacional. A Fapesp (Funda\u00e7\u00e3o de Amparo \u00e0 Pesquisa do Estado de S\u00e3o Paulo), tamb\u00e9m contribui para o projeto.<\/p>\n<\/div>\n","protected":false},"excerpt":{"rendered":"<p>&nbsp; Folha de S.Paulo, 19\/01\/2015 RAFAEL GARCIA, enviado especial a Campinas Quem visita o campus do CNPEM (Centro Nacional de Pesquisa em Energia e Materiais), em Campinas, j\u00e1 pode ver&hellip;<\/p>\n","protected":false},"author":17,"featured_media":0,"comment_status":"closed","ping_status":"closed","sticky":false,"template":"","format":"standard","meta":{"_acf_changed":false,"_jetpack_newsletter_access":"","_jetpack_dont_email_post_to_subs":false,"_jetpack_newsletter_tier_id":0,"_jetpack_memberships_contains_paywalled_content":false,"_jetpack_memberships_contains_paid_content":false,"footnotes":"","_links_to":"","_links_to_target":""},"categories":[1163,12],"tags":[],"class_list":["post-11190","post","type-post","status-publish","format-standard","hentry","category-clipping-cnpem","category-clipping-lnls","category-1163","category-12","description-off"],"acf":[],"yoast_head":"<!-- This site is optimized with the Yoast SEO plugin v27.5 - https:\/\/yoast.com\/product\/yoast-seo-wordpress\/ -->\n<title>Novo acelerador de part\u00edculas ser\u00e1 inaugurado em 2018, em Campinas - CNPEM<\/title>\n<meta name=\"robots\" content=\"index, follow, max-snippet:-1, max-image-preview:large, max-video-preview:-1\" \/>\n<link rel=\"canonical\" href=\"https:\/\/cnpem.br\/novo-acelerador-de-particulas-sera-inaugurado-em-2018-em-campinas\/\" \/>\n<meta property=\"og:locale\" content=\"en_US\" \/>\n<meta property=\"og:type\" content=\"article\" \/>\n<meta property=\"og:title\" content=\"Novo acelerador de part\u00edculas ser\u00e1 inaugurado em 2018, em Campinas - CNPEM\" \/>\n<meta property=\"og:description\" content=\"&nbsp; Folha de S.Paulo, 19\/01\/2015 RAFAEL GARCIA, enviado especial a Campinas Quem visita o campus do CNPEM (Centro Nacional de Pesquisa em Energia e Materiais), em Campinas, j\u00e1 pode ver&hellip;\" \/>\n<meta property=\"og:url\" content=\"https:\/\/cnpem.br\/novo-acelerador-de-particulas-sera-inaugurado-em-2018-em-campinas\/\" \/>\n<meta property=\"og:site_name\" content=\"CNPEM\" \/>\n<meta property=\"article:published_time\" content=\"2015-01-19T11:35:56+00:00\" \/>\n<meta property=\"article:modified_time\" content=\"2022-01-21T19:59:58+00:00\" \/>\n<meta property=\"og:image\" content=\"https:\/\/www.cnpem.staging.wpengine.com\/wp-content\/uploads\/2015\/01\/LNLS_FOLHA.png\" \/>\n<meta name=\"author\" content=\"Erik Medina\" \/>\n<meta name=\"twitter:card\" content=\"summary_large_image\" \/>\n<meta name=\"twitter:label1\" content=\"Written by\" \/>\n\t<meta name=\"twitter:data1\" content=\"Erik Medina\" \/>\n\t<meta name=\"twitter:label2\" content=\"Est. reading time\" \/>\n\t<meta name=\"twitter:data2\" content=\"5 minutes\" \/>\n<script type=\"application\/ld+json\" class=\"yoast-schema-graph\">{\"@context\":\"https:\\\/\\\/schema.org\",\"@graph\":[{\"@type\":\"Article\",\"@id\":\"https:\\\/\\\/cnpem.br\\\/novo-acelerador-de-particulas-sera-inaugurado-em-2018-em-campinas\\\/#article\",\"isPartOf\":{\"@id\":\"https:\\\/\\\/cnpem.br\\\/novo-acelerador-de-particulas-sera-inaugurado-em-2018-em-campinas\\\/\"},\"author\":{\"name\":\"Erik Medina\",\"@id\":\"https:\\\/\\\/cnpem.br\\\/#\\\/schema\\\/person\\\/b957a8048be4b70d687484cae6b978ef\"},\"headline\":\"Novo acelerador de part\u00edculas ser\u00e1 inaugurado em 2018, em Campinas\",\"datePublished\":\"2015-01-19T11:35:56+00:00\",\"dateModified\":\"2022-01-21T19:59:58+00:00\",\"mainEntityOfPage\":{\"@id\":\"https:\\\/\\\/cnpem.br\\\/novo-acelerador-de-particulas-sera-inaugurado-em-2018-em-campinas\\\/\"},\"wordCount\":960,\"image\":{\"@id\":\"https:\\\/\\\/cnpem.br\\\/novo-acelerador-de-particulas-sera-inaugurado-em-2018-em-campinas\\\/#primaryimage\"},\"thumbnailUrl\":\"https:\\\/\\\/www.cnpem.staging.wpengine.com\\\/wp-content\\\/uploads\\\/2015\\\/01\\\/LNLS_FOLHA.png\",\"articleSection\":[\"CNPEM na M\u00eddia\",\"LNLS na M\u00eddia\"],\"inLanguage\":\"en-US\"},{\"@type\":\"WebPage\",\"@id\":\"https:\\\/\\\/cnpem.br\\\/novo-acelerador-de-particulas-sera-inaugurado-em-2018-em-campinas\\\/\",\"url\":\"https:\\\/\\\/cnpem.br\\\/novo-acelerador-de-particulas-sera-inaugurado-em-2018-em-campinas\\\/\",\"name\":\"Novo acelerador de part\u00edculas ser\u00e1 inaugurado em 2018, em Campinas - CNPEM\",\"isPartOf\":{\"@id\":\"https:\\\/\\\/cnpem.br\\\/#website\"},\"primaryImageOfPage\":{\"@id\":\"https:\\\/\\\/cnpem.br\\\/novo-acelerador-de-particulas-sera-inaugurado-em-2018-em-campinas\\\/#primaryimage\"},\"image\":{\"@id\":\"https:\\\/\\\/cnpem.br\\\/novo-acelerador-de-particulas-sera-inaugurado-em-2018-em-campinas\\\/#primaryimage\"},\"thumbnailUrl\":\"https:\\\/\\\/www.cnpem.staging.wpengine.com\\\/wp-content\\\/uploads\\\/2015\\\/01\\\/LNLS_FOLHA.png\",\"datePublished\":\"2015-01-19T11:35:56+00:00\",\"dateModified\":\"2022-01-21T19:59:58+00:00\",\"author\":{\"@id\":\"https:\\\/\\\/cnpem.br\\\/#\\\/schema\\\/person\\\/b957a8048be4b70d687484cae6b978ef\"},\"breadcrumb\":{\"@id\":\"https:\\\/\\\/cnpem.br\\\/novo-acelerador-de-particulas-sera-inaugurado-em-2018-em-campinas\\\/#breadcrumb\"},\"inLanguage\":\"en-US\",\"potentialAction\":[{\"@type\":\"ReadAction\",\"target\":[\"https:\\\/\\\/cnpem.br\\\/novo-acelerador-de-particulas-sera-inaugurado-em-2018-em-campinas\\\/\"]}]},{\"@type\":\"ImageObject\",\"inLanguage\":\"en-US\",\"@id\":\"https:\\\/\\\/cnpem.br\\\/novo-acelerador-de-particulas-sera-inaugurado-em-2018-em-campinas\\\/#primaryimage\",\"url\":\"https:\\\/\\\/www.cnpem.staging.wpengine.com\\\/wp-content\\\/uploads\\\/2015\\\/01\\\/LNLS_FOLHA.png\",\"contentUrl\":\"https:\\\/\\\/www.cnpem.staging.wpengine.com\\\/wp-content\\\/uploads\\\/2015\\\/01\\\/LNLS_FOLHA.png\"},{\"@type\":\"BreadcrumbList\",\"@id\":\"https:\\\/\\\/cnpem.br\\\/novo-acelerador-de-particulas-sera-inaugurado-em-2018-em-campinas\\\/#breadcrumb\",\"itemListElement\":[{\"@type\":\"ListItem\",\"position\":1,\"name\":\"In\u00edcio\",\"item\":\"https:\\\/\\\/cnpem.br\\\/en\\\/\"},{\"@type\":\"ListItem\",\"position\":2,\"name\":\"Novo acelerador de part\u00edculas ser\u00e1 inaugurado em 2018, em Campinas\"}]},{\"@type\":\"WebSite\",\"@id\":\"https:\\\/\\\/cnpem.br\\\/#website\",\"url\":\"https:\\\/\\\/cnpem.br\\\/\",\"name\":\"Centro Nacional de Pesquisa em Energia e Materiais\",\"description\":\"Centro Nacional de Pesquisa em Energia e Materiais\",\"alternateName\":\"CNPEM\",\"potentialAction\":[{\"@type\":\"SearchAction\",\"target\":{\"@type\":\"EntryPoint\",\"urlTemplate\":\"https:\\\/\\\/cnpem.br\\\/?s={search_term_string}\"},\"query-input\":{\"@type\":\"PropertyValueSpecification\",\"valueRequired\":true,\"valueName\":\"search_term_string\"}}],\"inLanguage\":\"en-US\"},{\"@type\":\"Person\",\"@id\":\"https:\\\/\\\/cnpem.br\\\/#\\\/schema\\\/person\\\/b957a8048be4b70d687484cae6b978ef\",\"name\":\"Erik Medina\",\"url\":\"\"}]}<\/script>\n<!-- \/ Yoast SEO plugin. -->","yoast_head_json":{"title":"Novo acelerador de part\u00edculas ser\u00e1 inaugurado em 2018, em Campinas - CNPEM","robots":{"index":"index","follow":"follow","max-snippet":"max-snippet:-1","max-image-preview":"max-image-preview:large","max-video-preview":"max-video-preview:-1"},"canonical":"https:\/\/cnpem.br\/novo-acelerador-de-particulas-sera-inaugurado-em-2018-em-campinas\/","og_locale":"en_US","og_type":"article","og_title":"Novo acelerador de part\u00edculas ser\u00e1 inaugurado em 2018, em Campinas - CNPEM","og_description":"&nbsp; Folha de S.Paulo, 19\/01\/2015 RAFAEL GARCIA, enviado especial a Campinas Quem visita o campus do CNPEM (Centro Nacional de Pesquisa em Energia e Materiais), em Campinas, j\u00e1 pode ver&hellip;","og_url":"https:\/\/cnpem.br\/novo-acelerador-de-particulas-sera-inaugurado-em-2018-em-campinas\/","og_site_name":"CNPEM","article_published_time":"2015-01-19T11:35:56+00:00","article_modified_time":"2022-01-21T19:59:58+00:00","og_image":[{"url":"https:\/\/www.cnpem.staging.wpengine.com\/wp-content\/uploads\/2015\/01\/LNLS_FOLHA.png","type":"","width":"","height":""}],"author":"Erik Medina","twitter_card":"summary_large_image","twitter_misc":{"Written by":"Erik Medina","Est. reading time":"5 minutes"},"schema":{"@context":"https:\/\/schema.org","@graph":[{"@type":"Article","@id":"https:\/\/cnpem.br\/novo-acelerador-de-particulas-sera-inaugurado-em-2018-em-campinas\/#article","isPartOf":{"@id":"https:\/\/cnpem.br\/novo-acelerador-de-particulas-sera-inaugurado-em-2018-em-campinas\/"},"author":{"name":"Erik Medina","@id":"https:\/\/cnpem.br\/#\/schema\/person\/b957a8048be4b70d687484cae6b978ef"},"headline":"Novo acelerador de part\u00edculas ser\u00e1 inaugurado em 2018, em Campinas","datePublished":"2015-01-19T11:35:56+00:00","dateModified":"2022-01-21T19:59:58+00:00","mainEntityOfPage":{"@id":"https:\/\/cnpem.br\/novo-acelerador-de-particulas-sera-inaugurado-em-2018-em-campinas\/"},"wordCount":960,"image":{"@id":"https:\/\/cnpem.br\/novo-acelerador-de-particulas-sera-inaugurado-em-2018-em-campinas\/#primaryimage"},"thumbnailUrl":"https:\/\/www.cnpem.staging.wpengine.com\/wp-content\/uploads\/2015\/01\/LNLS_FOLHA.png","articleSection":["CNPEM na M\u00eddia","LNLS na M\u00eddia"],"inLanguage":"en-US"},{"@type":"WebPage","@id":"https:\/\/cnpem.br\/novo-acelerador-de-particulas-sera-inaugurado-em-2018-em-campinas\/","url":"https:\/\/cnpem.br\/novo-acelerador-de-particulas-sera-inaugurado-em-2018-em-campinas\/","name":"Novo acelerador de part\u00edculas ser\u00e1 inaugurado em 2018, em Campinas - CNPEM","isPartOf":{"@id":"https:\/\/cnpem.br\/#website"},"primaryImageOfPage":{"@id":"https:\/\/cnpem.br\/novo-acelerador-de-particulas-sera-inaugurado-em-2018-em-campinas\/#primaryimage"},"image":{"@id":"https:\/\/cnpem.br\/novo-acelerador-de-particulas-sera-inaugurado-em-2018-em-campinas\/#primaryimage"},"thumbnailUrl":"https:\/\/www.cnpem.staging.wpengine.com\/wp-content\/uploads\/2015\/01\/LNLS_FOLHA.png","datePublished":"2015-01-19T11:35:56+00:00","dateModified":"2022-01-21T19:59:58+00:00","author":{"@id":"https:\/\/cnpem.br\/#\/schema\/person\/b957a8048be4b70d687484cae6b978ef"},"breadcrumb":{"@id":"https:\/\/cnpem.br\/novo-acelerador-de-particulas-sera-inaugurado-em-2018-em-campinas\/#breadcrumb"},"inLanguage":"en-US","potentialAction":[{"@type":"ReadAction","target":["https:\/\/cnpem.br\/novo-acelerador-de-particulas-sera-inaugurado-em-2018-em-campinas\/"]}]},{"@type":"ImageObject","inLanguage":"en-US","@id":"https:\/\/cnpem.br\/novo-acelerador-de-particulas-sera-inaugurado-em-2018-em-campinas\/#primaryimage","url":"https:\/\/www.cnpem.staging.wpengine.com\/wp-content\/uploads\/2015\/01\/LNLS_FOLHA.png","contentUrl":"https:\/\/www.cnpem.staging.wpengine.com\/wp-content\/uploads\/2015\/01\/LNLS_FOLHA.png"},{"@type":"BreadcrumbList","@id":"https:\/\/cnpem.br\/novo-acelerador-de-particulas-sera-inaugurado-em-2018-em-campinas\/#breadcrumb","itemListElement":[{"@type":"ListItem","position":1,"name":"In\u00edcio","item":"https:\/\/cnpem.br\/en\/"},{"@type":"ListItem","position":2,"name":"Novo acelerador de part\u00edculas ser\u00e1 inaugurado em 2018, em Campinas"}]},{"@type":"WebSite","@id":"https:\/\/cnpem.br\/#website","url":"https:\/\/cnpem.br\/","name":"Centro Nacional de Pesquisa em Energia e Materiais","description":"Centro Nacional de Pesquisa em Energia e Materiais","alternateName":"CNPEM","potentialAction":[{"@type":"SearchAction","target":{"@type":"EntryPoint","urlTemplate":"https:\/\/cnpem.br\/?s={search_term_string}"},"query-input":{"@type":"PropertyValueSpecification","valueRequired":true,"valueName":"search_term_string"}}],"inLanguage":"en-US"},{"@type":"Person","@id":"https:\/\/cnpem.br\/#\/schema\/person\/b957a8048be4b70d687484cae6b978ef","name":"Erik Medina","url":""}]}},"jetpack_featured_media_url":"","jetpack_sharing_enabled":true,"jetpack_shortlink":"https:\/\/wp.me\/per0Mi-2Uu","_links":{"self":[{"href":"https:\/\/cnpem.br\/en\/wp-json\/wp\/v2\/posts\/11190","targetHints":{"allow":["GET"]}}],"collection":[{"href":"https:\/\/cnpem.br\/en\/wp-json\/wp\/v2\/posts"}],"about":[{"href":"https:\/\/cnpem.br\/en\/wp-json\/wp\/v2\/types\/post"}],"author":[{"embeddable":true,"href":"https:\/\/cnpem.br\/en\/wp-json\/wp\/v2\/users\/17"}],"replies":[{"embeddable":true,"href":"https:\/\/cnpem.br\/en\/wp-json\/wp\/v2\/comments?post=11190"}],"version-history":[{"count":0,"href":"https:\/\/cnpem.br\/en\/wp-json\/wp\/v2\/posts\/11190\/revisions"}],"wp:attachment":[{"href":"https:\/\/cnpem.br\/en\/wp-json\/wp\/v2\/media?parent=11190"}],"wp:term":[{"taxonomy":"category","embeddable":true,"href":"https:\/\/cnpem.br\/en\/wp-json\/wp\/v2\/categories?post=11190"},{"taxonomy":"post_tag","embeddable":true,"href":"https:\/\/cnpem.br\/en\/wp-json\/wp\/v2\/tags?post=11190"}],"curies":[{"name":"wp","href":"https:\/\/api.w.org\/{rel}","templated":true}]}}