{"id":1053,"date":"2011-01-21T09:59:54","date_gmt":"2011-01-21T09:59:54","guid":{"rendered":"https:\/\/www.cnpem.staging.wpengine.com\/?p=1053"},"modified":"2026-03-03T10:14:30","modified_gmt":"2026-03-03T13:14:30","slug":"entrevista-ministro-aloizio-mercadante","status":"publish","type":"post","link":"https:\/\/cnpem.br\/en\/entrevista-ministro-aloizio-mercadante\/","title":{"rendered":"Entrevista Ministro Aloizio Mercadante"},"content":{"rendered":"<p><em>Folha de S. Paulo, em 21\/01\/2011<\/em><\/p>\n<p>&nbsp;<\/p>\n<p>SABINE RIGHETTI<br \/>\nENVIADA ESPECIAL A BRAS\u00cdLIA<\/p>\n<p>&nbsp;<\/p>\n<p>Tornando-se ministro de Ci\u00eancia e Tecnologia ap\u00f3s ser derrotado nas elei\u00e7\u00f5es para governo de S\u00e3o Paulo, Aloizio Mercadante, nomeado h\u00e1 poucas semanas, assumiu o cargo falando em tirar do papel projetos cient\u00edficos ambiciosos (e caros).<br \/>\nEntre os projetos, um novo reator nuclear, um anel de s\u00edncrotron mais moderno e um observat\u00f3rio do ecossistema marinho (&#8220;Amaz\u00f4nia Azul&#8221;) em tempo real.<br \/>\nVamos ter dinheiro para tudo isso? Em entrevista exclusiva \u00e0 Folha, Mercadante disse que sim, j\u00e1 que os recursos devem vir tamb\u00e9m das empresas. E institui\u00e7\u00f5es como a Finep (Financiadora de Estudos e Projetos), de apoio \u00e0 pesquisa, podem virar banco de inova\u00e7\u00e3o.<br \/>\nPara Mercadante, um um foco mais empresarial poderia dar \u00e0 ci\u00eancia nacional um novo impulso.<\/p>\n<p>&nbsp;<\/p>\n<p><strong>O senhor tem falado em tirar do papel projetos caros. Parece que sua gest\u00e3o vai fazer investimentos de grande porte.<br \/>\n<\/strong>Quando a gente olha o Brasil hoje, vemos que n\u00e3o podemos pensar pequeno. Temos tecnologia de ponta, por exemplo na agricultura. Veja a Embrapa (Empresa Brasileira de Pesquisa Agropecu\u00e1ria). A agricultura brasileira teve um superavit de mais de US$ 70 bilh\u00f5es. A Embrapa hoje est\u00e1 exportando tecnologia para a \u00c1frica.<br \/>\nA aeron\u00e1utica, no complexo ITA (Instituto Tecnol\u00f3gico de Aeron\u00e1utica), CTA (Centro T\u00e9cnico Aeroespacial) e Embraer, \u00e9 outro modelo exitoso. Onde o Brasil concentrou esfor\u00e7os, houve retorno.<br \/>\nEstamos com um projeto para construir um novo anel de luz s\u00edncrotron em Campinas (SP), de terceira gera\u00e7\u00e3o. O atual, de 1988, \u00e9 usado por cerca de 3.000 pessoas por ano, de v\u00e1rias \u00e1reas.<br \/>\nN\u00f3s precisamos de parceiros para poder viabilizar esse projeto, que deve custar em torno de R$ 350 milh\u00f5es.<br \/>\nTamb\u00e9m tive reuni\u00f5es sobre o laborat\u00f3rio de nanotecnologia da Unicamp e sobre o reator multiprop\u00f3sito [destinado \u00e0 pesquisa cient\u00edfica e \u00e0 fabrica\u00e7\u00e3o de radiof\u00e1rmacos], que deve ser constru\u00eddo em Iper\u00f3 (SP) [ao custo de cerca de R$ 800 milh\u00f5es].<br \/>\nN\u00f3s temos de concentrar for\u00e7as nas novas fronteiras do conhecimentos pensando em projetos como a nanotecnologia e a biotecnologia.<br \/>\nSomos o 13\u00ba colocado hoje nos rankings internacionais de produ\u00e7\u00e3o cient\u00edfica, nosso impacto est\u00e1 aumentando. Mas, na inova\u00e7\u00e3o, ainda temos um desafio.<\/p>\n<p>&nbsp;<\/p>\n<p><strong>Qual \u00e9 o desafio da inova\u00e7\u00e3o?<br \/>\n<\/strong>Temos de repensar o marco legal e os incentivos \u00e0 inova\u00e7\u00e3o. Viemos de uma cultura industrial que n\u00e3o estimulou a inova\u00e7\u00e3o. Tivemos um longo per\u00edodo em que n\u00e3o havia importa\u00e7\u00f5es, ent\u00e3o tamb\u00e9m n\u00e3o havia inova\u00e7\u00e3o. Agora, com estabilidade econ\u00f4mica, o Brasil voltou a crescer, e \u00e9 hora de criar instrumentos para que as empresas realmente olhem para pesquisa e desenvolvimento, principalmente na \u00e1rea de sustentabilidade.<\/p>\n<p>&nbsp;<\/p>\n<p><strong>Investir no pr\u00e9-sal n\u00e3o \u00e9 contradit\u00f3rio com a bandeira &#8220;verde&#8221; da gest\u00e3o?<br \/>\n<\/strong>O petr\u00f3leo \u00e9 uma energia n\u00e3o renov\u00e1vel, mas ainda \u00e9 um produto que se desdobra em 3.000 produtos: toda cadeia de nafta, pl\u00e1stico, etc. A economia \u00e9 muito dependente do petr\u00f3leo. Temos de utilizar isso inteligentemente.<br \/>\nMas temos tamb\u00e9m de investir em energias renov\u00e1veis, como e\u00f3lica e solar. Falando em sustentabilidade, estamos agora come\u00e7ando a analisar o CBA (Centro de Biotecnologia da Amaz\u00f4nia).<\/p>\n<p>&nbsp;<\/p>\n<p><strong>O CBA tem uma estrutura enorme, mas est\u00e1 parado.<br \/>\n<\/strong>O centro tem uma excelente estrutura laboratorial, mas agora estamos estudando parcerias com empresas da \u00e1rea de f\u00e1rmacos e alimentos. Minha primeira orienta\u00e7\u00e3o \u00e9 buscar gerar valor agregado para produtos que j\u00e1 temos na Amaz\u00f4nia, como a\u00e7a\u00ed e castanha-do-par\u00e1.<br \/>\nTemos de gerar alternativas sustent\u00e1veis para 25 milh\u00f5es de pessoas que moram l\u00e1. A pesquisa cient\u00edfica \u00e9 importante para diversificar essas cadeias produtivas.<\/p>\n<p>&nbsp;<\/p>\n<p><strong>Mas h\u00e1 empres\u00e1rios que ainda patinam para fazer inova\u00e7\u00e3o no Brasil.<br \/>\n<\/strong>Tanto a pesquisa quanto a inova\u00e7\u00e3o s\u00e3o atividades de risco. Muitas vezes voc\u00ea pesquisa um assunto e n\u00e3o descobre o que esperava. Mas, ao n\u00e3o descobrir, voc\u00ea reduz a necessidade de uma pr\u00f3xima pesquisa. O fato de n\u00e3o se chegar \u00e0quilo que se espera pode n\u00e3o ser negativo. Na inova\u00e7\u00e3o \u00e9 a mesma coisa.<br \/>\nUma coisa que come\u00e7o a discutir s\u00e3o as formas de financiamento \u00e0 inova\u00e7\u00e3o.<\/p>\n<p>&nbsp;<\/p>\n<p><strong>Por exemplo?<br \/>\n<\/strong>Uma ideia \u00e9 que os bancos financiadores sejam s\u00f3cios no produto final da inova\u00e7\u00e3o. Ou seja: eles compartilham o risco, mas, se der certo, tamb\u00e9m ganham. Esse \u00e9 o modelo dos EUA. Precisamos avaliar como fazer isso.<br \/>\nComo n\u00e3o temos ainda esse mercado industrial desenvolvido, os bancos p\u00fablicos devem ajudar. Faremos um grande esfor\u00e7o para que a Finep seja uma institui\u00e7\u00e3o financeira de fomento \u00e0 inova\u00e7\u00e3o. Deve continuar apoiando a pesquisa, mas ser\u00e1 tamb\u00e9m um banco da inova\u00e7\u00e3o.<br \/>\nSe isso acontecer, haver\u00e1 muito mais liberdade de atuar. \u00c9 preciso fazer formas de parcerias com as empresas. O CNPq (Conselho Nacional de Desenvolvimento Cient\u00edfico e Tecnol\u00f3gico), por exemplo, est\u00e1 dando bolsas para que pesquisadores atuem nas empresas. \u00c9 preciso fomentar a inova\u00e7\u00e3o.<\/p>\n<p>&nbsp;<\/p>\n<p><strong>Parece que s\u00f3 teremos not\u00edcias boas nos pr\u00f3ximos anos.<br \/>\n<\/strong>(risos) Outra not\u00edcia boa \u00e9 o Laborat\u00f3rio Nacional da Amaz\u00f4nia Azul. J\u00e1 temos o modelo da estrutura do laborat\u00f3rio, uma sonda que ser\u00e1 utilizada em alto-mar. Estive em reuni\u00e3o com membros dos cinco principais cursos de oceanografia do pa\u00eds e com empresas como a Vale, Braskem e Petrobras para viabilizar esse projeto.<br \/>\n\u00c9 importante conhecer o mar, as cadeias alimentares, as correntes mar\u00edtimas, as ondas&#8230; E o estudo do mar pode viabilizar inova\u00e7\u00f5es na \u00e1rea de f\u00e1rmacos e de recursos minerais, por exemplo.<\/p>\n<p>&nbsp;<\/p>\n<p><strong>O or\u00e7amento vai dar para tudo isso? O MCT teve um corte de 10% em rela\u00e7\u00e3o ao ano passado.<br \/>\n<\/strong>A \u00fanica coisa que vai viabilizar tudo isso s\u00e3o as parcerias. Temos dois navios oceanogr\u00e1ficos na Marinha, a Petrobras tem plataformas, temos uma sonda que pode ser usada para pesquisa (e n\u00e3o mais para uso comercial). A log\u00edstica do pr\u00e9-sal tamb\u00e9m vai viabilizar isso. Podemos usar essa log\u00edstica para o laborat\u00f3rio. O mar merece isso.<br \/>\nViveremos um per\u00edodo de restri\u00e7\u00f5es or\u00e7ament\u00e1rias. O pa\u00eds fez um esfor\u00e7o grande para sair da crise -o mundo inteiro fez- e precisamos continuar a reduzir a d\u00edvida. Ent\u00e3o os juros podem cair e o pa\u00eds poder\u00e1 crescer mais.<\/p>\n<p>&nbsp;<\/p>\n<p><strong>E quanto aos desastres naturais? O senhor anunciou um programa de preven\u00e7\u00e3o de desastres. Como ser\u00e1 isso?<br \/>\n<\/strong>S\u00e3o v\u00e1rias frentes nesse programa. Primeiro, a parte de equipamentos e previs\u00e3o do clima. Temos agora um supercomputador [no Inpe, Instituto Nacional de Pesquisas Espaciais] que analisa dados de sat\u00e9lite. Isso aumenta a capacidade que t\u00ednhamos de 20 km para 5 km na regi\u00e3o da precipita\u00e7\u00e3o.<br \/>\nPrecisamos de radares climatol\u00f3gicos, que mostram a precipita\u00e7\u00e3o com mais precis\u00e3o, cerca de seis horas antes da chuva.<br \/>\nTamb\u00e9m necessitamos de cerca de 700 coletores pluviom\u00e9tricos, que v\u00e3o ser colocados nas \u00e1reas cr\u00edticas, e tamb\u00e9m temos de fazer um levantamento geomorfol\u00f3gico para as regi\u00f5es de risco, que ainda n\u00e3o existe. Nesse levantamento, precisamos ter um plano para remover uma popula\u00e7\u00e3o.<br \/>\nPretendemos implantar isso para ter bons resultados j\u00e1 no pr\u00f3ximo ver\u00e3o. Os melhores resultados poss\u00edveis. E o maior desafio est\u00e1 nas regi\u00f5es mais pobres. Vamos ter de fazer um mergulho no Brasil profundo.<\/p>\n","protected":false},"excerpt":{"rendered":"<p>Folha de S. Paulo, em 21\/01\/2011 &nbsp; SABINE RIGHETTI ENVIADA ESPECIAL A BRAS\u00cdLIA &nbsp; Tornando-se ministro de Ci\u00eancia e Tecnologia ap\u00f3s ser derrotado nas elei\u00e7\u00f5es para governo de S\u00e3o Paulo,&hellip;<\/p>\n","protected":false},"author":17,"featured_media":0,"comment_status":"closed","ping_status":"open","sticky":false,"template":"","format":"standard","meta":{"_acf_changed":false,"_jetpack_newsletter_access":"","_jetpack_dont_email_post_to_subs":false,"_jetpack_newsletter_tier_id":0,"_jetpack_memberships_contains_paywalled_content":false,"_jetpack_memberships_contains_paid_content":false,"footnotes":"","_links_to":"","_links_to_target":""},"categories":[1163,12],"tags":[756,170,388,8,181,18,173],"class_list":["post-1053","post","type-post","status-publish","format-standard","hentry","category-clipping-cnpem","category-clipping-lnls","tag-aloizio-mercadante","tag-ciencia","tag-entrevista","tag-lnls","tag-ministro","tag-sincrotron","tag-tecnologia","category-1163","category-12","description-off"],"acf":[],"yoast_head":"<!-- This site is optimized with the Yoast SEO plugin v27.5 - https:\/\/yoast.com\/product\/yoast-seo-wordpress\/ -->\n<title>Entrevista Ministro Aloizio Mercadante - CNPEM<\/title>\n<meta name=\"robots\" content=\"index, follow, max-snippet:-1, max-image-preview:large, max-video-preview:-1\" \/>\n<link rel=\"canonical\" href=\"https:\/\/cnpem.br\/entrevista-ministro-aloizio-mercadante\/\" \/>\n<meta property=\"og:locale\" content=\"en_US\" \/>\n<meta property=\"og:type\" content=\"article\" \/>\n<meta property=\"og:title\" content=\"Entrevista Ministro Aloizio Mercadante - CNPEM\" \/>\n<meta property=\"og:description\" content=\"Folha de S. Paulo, em 21\/01\/2011 &nbsp; SABINE RIGHETTI ENVIADA ESPECIAL A BRAS\u00cdLIA &nbsp; Tornando-se ministro de Ci\u00eancia e Tecnologia ap\u00f3s ser derrotado nas elei\u00e7\u00f5es para governo de S\u00e3o Paulo,&hellip;\" \/>\n<meta property=\"og:url\" content=\"https:\/\/cnpem.br\/entrevista-ministro-aloizio-mercadante\/\" \/>\n<meta property=\"og:site_name\" content=\"CNPEM\" \/>\n<meta property=\"article:published_time\" content=\"2011-01-21T09:59:54+00:00\" \/>\n<meta property=\"article:modified_time\" content=\"2026-03-03T13:14:30+00:00\" \/>\n<meta name=\"author\" content=\"Erik Medina\" \/>\n<meta name=\"twitter:card\" content=\"summary_large_image\" \/>\n<meta name=\"twitter:label1\" content=\"Written by\" \/>\n\t<meta name=\"twitter:data1\" content=\"Erik Medina\" \/>\n\t<meta name=\"twitter:label2\" content=\"Est. reading time\" \/>\n\t<meta name=\"twitter:data2\" content=\"6 minutes\" \/>\n<script type=\"application\/ld+json\" class=\"yoast-schema-graph\">{\"@context\":\"https:\\\/\\\/schema.org\",\"@graph\":[{\"@type\":\"Article\",\"@id\":\"https:\\\/\\\/cnpem.br\\\/entrevista-ministro-aloizio-mercadante\\\/#article\",\"isPartOf\":{\"@id\":\"https:\\\/\\\/cnpem.br\\\/entrevista-ministro-aloizio-mercadante\\\/\"},\"author\":{\"name\":\"Erik Medina\",\"@id\":\"https:\\\/\\\/cnpem.br\\\/#\\\/schema\\\/person\\\/b957a8048be4b70d687484cae6b978ef\"},\"headline\":\"Entrevista Ministro Aloizio Mercadante\",\"datePublished\":\"2011-01-21T09:59:54+00:00\",\"dateModified\":\"2026-03-03T13:14:30+00:00\",\"mainEntityOfPage\":{\"@id\":\"https:\\\/\\\/cnpem.br\\\/entrevista-ministro-aloizio-mercadante\\\/\"},\"wordCount\":1266,\"keywords\":[\"Aloizio Mercadante\",\"Ci\u00eancia\",\"entrevista\",\"lnls\",\"Ministro\",\"S\u00edncrotron\",\"Tecnologia\"],\"articleSection\":[\"CNPEM na M\u00eddia\",\"LNLS na M\u00eddia\"],\"inLanguage\":\"en-US\"},{\"@type\":\"WebPage\",\"@id\":\"https:\\\/\\\/cnpem.br\\\/entrevista-ministro-aloizio-mercadante\\\/\",\"url\":\"https:\\\/\\\/cnpem.br\\\/entrevista-ministro-aloizio-mercadante\\\/\",\"name\":\"Entrevista Ministro Aloizio Mercadante - CNPEM\",\"isPartOf\":{\"@id\":\"https:\\\/\\\/cnpem.br\\\/#website\"},\"datePublished\":\"2011-01-21T09:59:54+00:00\",\"dateModified\":\"2026-03-03T13:14:30+00:00\",\"author\":{\"@id\":\"https:\\\/\\\/cnpem.br\\\/#\\\/schema\\\/person\\\/b957a8048be4b70d687484cae6b978ef\"},\"breadcrumb\":{\"@id\":\"https:\\\/\\\/cnpem.br\\\/entrevista-ministro-aloizio-mercadante\\\/#breadcrumb\"},\"inLanguage\":\"en-US\",\"potentialAction\":[{\"@type\":\"ReadAction\",\"target\":[\"https:\\\/\\\/cnpem.br\\\/entrevista-ministro-aloizio-mercadante\\\/\"]}]},{\"@type\":\"BreadcrumbList\",\"@id\":\"https:\\\/\\\/cnpem.br\\\/entrevista-ministro-aloizio-mercadante\\\/#breadcrumb\",\"itemListElement\":[{\"@type\":\"ListItem\",\"position\":1,\"name\":\"In\u00edcio\",\"item\":\"https:\\\/\\\/cnpem.br\\\/en\\\/\"},{\"@type\":\"ListItem\",\"position\":2,\"name\":\"Entrevista Ministro Aloizio Mercadante\"}]},{\"@type\":\"WebSite\",\"@id\":\"https:\\\/\\\/cnpem.br\\\/#website\",\"url\":\"https:\\\/\\\/cnpem.br\\\/\",\"name\":\"Centro Nacional de Pesquisa em Energia e Materiais\",\"description\":\"Centro Nacional de Pesquisa em Energia e Materiais\",\"alternateName\":\"CNPEM\",\"potentialAction\":[{\"@type\":\"SearchAction\",\"target\":{\"@type\":\"EntryPoint\",\"urlTemplate\":\"https:\\\/\\\/cnpem.br\\\/?s={search_term_string}\"},\"query-input\":{\"@type\":\"PropertyValueSpecification\",\"valueRequired\":true,\"valueName\":\"search_term_string\"}}],\"inLanguage\":\"en-US\"},{\"@type\":\"Person\",\"@id\":\"https:\\\/\\\/cnpem.br\\\/#\\\/schema\\\/person\\\/b957a8048be4b70d687484cae6b978ef\",\"name\":\"Erik Medina\",\"url\":\"\"}]}<\/script>\n<!-- \/ Yoast SEO plugin. -->","yoast_head_json":{"title":"Entrevista Ministro Aloizio Mercadante - CNPEM","robots":{"index":"index","follow":"follow","max-snippet":"max-snippet:-1","max-image-preview":"max-image-preview:large","max-video-preview":"max-video-preview:-1"},"canonical":"https:\/\/cnpem.br\/entrevista-ministro-aloizio-mercadante\/","og_locale":"en_US","og_type":"article","og_title":"Entrevista Ministro Aloizio Mercadante - CNPEM","og_description":"Folha de S. Paulo, em 21\/01\/2011 &nbsp; SABINE RIGHETTI ENVIADA ESPECIAL A BRAS\u00cdLIA &nbsp; Tornando-se ministro de Ci\u00eancia e Tecnologia ap\u00f3s ser derrotado nas elei\u00e7\u00f5es para governo de S\u00e3o Paulo,&hellip;","og_url":"https:\/\/cnpem.br\/entrevista-ministro-aloizio-mercadante\/","og_site_name":"CNPEM","article_published_time":"2011-01-21T09:59:54+00:00","article_modified_time":"2026-03-03T13:14:30+00:00","author":"Erik Medina","twitter_card":"summary_large_image","twitter_misc":{"Written by":"Erik Medina","Est. reading time":"6 minutes"},"schema":{"@context":"https:\/\/schema.org","@graph":[{"@type":"Article","@id":"https:\/\/cnpem.br\/entrevista-ministro-aloizio-mercadante\/#article","isPartOf":{"@id":"https:\/\/cnpem.br\/entrevista-ministro-aloizio-mercadante\/"},"author":{"name":"Erik Medina","@id":"https:\/\/cnpem.br\/#\/schema\/person\/b957a8048be4b70d687484cae6b978ef"},"headline":"Entrevista Ministro Aloizio Mercadante","datePublished":"2011-01-21T09:59:54+00:00","dateModified":"2026-03-03T13:14:30+00:00","mainEntityOfPage":{"@id":"https:\/\/cnpem.br\/entrevista-ministro-aloizio-mercadante\/"},"wordCount":1266,"keywords":["Aloizio Mercadante","Ci\u00eancia","entrevista","lnls","Ministro","S\u00edncrotron","Tecnologia"],"articleSection":["CNPEM na M\u00eddia","LNLS na M\u00eddia"],"inLanguage":"en-US"},{"@type":"WebPage","@id":"https:\/\/cnpem.br\/entrevista-ministro-aloizio-mercadante\/","url":"https:\/\/cnpem.br\/entrevista-ministro-aloizio-mercadante\/","name":"Entrevista Ministro Aloizio Mercadante - CNPEM","isPartOf":{"@id":"https:\/\/cnpem.br\/#website"},"datePublished":"2011-01-21T09:59:54+00:00","dateModified":"2026-03-03T13:14:30+00:00","author":{"@id":"https:\/\/cnpem.br\/#\/schema\/person\/b957a8048be4b70d687484cae6b978ef"},"breadcrumb":{"@id":"https:\/\/cnpem.br\/entrevista-ministro-aloizio-mercadante\/#breadcrumb"},"inLanguage":"en-US","potentialAction":[{"@type":"ReadAction","target":["https:\/\/cnpem.br\/entrevista-ministro-aloizio-mercadante\/"]}]},{"@type":"BreadcrumbList","@id":"https:\/\/cnpem.br\/entrevista-ministro-aloizio-mercadante\/#breadcrumb","itemListElement":[{"@type":"ListItem","position":1,"name":"In\u00edcio","item":"https:\/\/cnpem.br\/en\/"},{"@type":"ListItem","position":2,"name":"Entrevista Ministro Aloizio Mercadante"}]},{"@type":"WebSite","@id":"https:\/\/cnpem.br\/#website","url":"https:\/\/cnpem.br\/","name":"Centro Nacional de Pesquisa em Energia e Materiais","description":"Centro Nacional de Pesquisa em Energia e Materiais","alternateName":"CNPEM","potentialAction":[{"@type":"SearchAction","target":{"@type":"EntryPoint","urlTemplate":"https:\/\/cnpem.br\/?s={search_term_string}"},"query-input":{"@type":"PropertyValueSpecification","valueRequired":true,"valueName":"search_term_string"}}],"inLanguage":"en-US"},{"@type":"Person","@id":"https:\/\/cnpem.br\/#\/schema\/person\/b957a8048be4b70d687484cae6b978ef","name":"Erik Medina","url":""}]}},"jetpack_featured_media_url":"","jetpack_sharing_enabled":true,"jetpack_shortlink":"https:\/\/wp.me\/per0Mi-gZ","_links":{"self":[{"href":"https:\/\/cnpem.br\/en\/wp-json\/wp\/v2\/posts\/1053","targetHints":{"allow":["GET"]}}],"collection":[{"href":"https:\/\/cnpem.br\/en\/wp-json\/wp\/v2\/posts"}],"about":[{"href":"https:\/\/cnpem.br\/en\/wp-json\/wp\/v2\/types\/post"}],"author":[{"embeddable":true,"href":"https:\/\/cnpem.br\/en\/wp-json\/wp\/v2\/users\/17"}],"replies":[{"embeddable":true,"href":"https:\/\/cnpem.br\/en\/wp-json\/wp\/v2\/comments?post=1053"}],"version-history":[{"count":0,"href":"https:\/\/cnpem.br\/en\/wp-json\/wp\/v2\/posts\/1053\/revisions"}],"wp:attachment":[{"href":"https:\/\/cnpem.br\/en\/wp-json\/wp\/v2\/media?parent=1053"}],"wp:term":[{"taxonomy":"category","embeddable":true,"href":"https:\/\/cnpem.br\/en\/wp-json\/wp\/v2\/categories?post=1053"},{"taxonomy":"post_tag","embeddable":true,"href":"https:\/\/cnpem.br\/en\/wp-json\/wp\/v2\/tags?post=1053"}],"curies":[{"name":"wp","href":"https:\/\/api.w.org\/{rel}","templated":true}]}}